{"id":3784,"date":"2024-08-12T11:40:05","date_gmt":"2024-08-12T09:40:05","guid":{"rendered":"https:\/\/promel.fr\/?p=3784"},"modified":"2025-01-15T14:57:04","modified_gmt":"2025-01-15T13:57:04","slug":"la-periode-estivale-se-prete-t-elle-a-un-recrutement-efficace-1-2","status":"publish","type":"post","link":"https:\/\/promel.fr\/en\/blog\/divers\/la-periode-estivale-se-prete-t-elle-a-un-recrutement-efficace-1-2\/","title":{"rendered":"La p\u00e9riode estivale se pr\u00eate-t-elle \u00e0 un recrutement efficace ? (1\/2)"},"content":{"rendered":"<div class=\"flex flex-grow flex-col max-w-full\">\n<div class=\"min-h-[20px] text-message flex w-full flex-col items-end gap-2 whitespace-pre-wrap break-words [.text-message+&amp;]:mt-5 overflow-x-auto\" dir=\"auto\" data-message-author-role=\"assistant\" data-message-id=\"e9ab55ef-b9f7-43ad-84d2-bc6410b97df2\">\n<div class=\"flex w-full flex-col gap-1 empty:hidden first:pt-[3px]\">\n<div class=\"markdown prose w-full break-words dark:prose-invert light\">\n<p><img loading=\"lazy\" decoding=\"async\" class=\"aligncenter size-large wp-image-3836\" src=\"https:\/\/promel.fr\/wp-content\/uploads\/jeune-femme-cherchant-a-recruter-1030x412.jpg\" alt=\"Jeune femme avec megaphone sur fond jaune soleil\" width=\"1030\" height=\"412\" srcset=\"https:\/\/promel.fr\/wp-content\/uploads\/jeune-femme-cherchant-a-recruter-1030x412.jpg 1030w, https:\/\/promel.fr\/wp-content\/uploads\/jeune-femme-cherchant-a-recruter-300x120.jpg 300w, https:\/\/promel.fr\/wp-content\/uploads\/jeune-femme-cherchant-a-recruter-768x308.jpg 768w, https:\/\/promel.fr\/wp-content\/uploads\/jeune-femme-cherchant-a-recruter-1536x615.jpg 1536w, https:\/\/promel.fr\/wp-content\/uploads\/jeune-femme-cherchant-a-recruter-2048x820.jpg 2048w, https:\/\/promel.fr\/wp-content\/uploads\/jeune-femme-cherchant-a-recruter-160x64.jpg 160w, https:\/\/promel.fr\/wp-content\/uploads\/jeune-femme-cherchant-a-recruter-110x44.jpg 110w, https:\/\/promel.fr\/wp-content\/uploads\/jeune-femme-cherchant-a-recruter-220x88.jpg 220w, https:\/\/promel.fr\/wp-content\/uploads\/jeune-femme-cherchant-a-recruter-75x30.jpg 75w, https:\/\/promel.fr\/wp-content\/uploads\/jeune-femme-cherchant-a-recruter-100x40.jpg 100w, https:\/\/promel.fr\/wp-content\/uploads\/jeune-femme-cherchant-a-recruter-821x329.jpg 821w, https:\/\/promel.fr\/wp-content\/uploads\/jeune-femme-cherchant-a-recruter-1500x601.jpg 1500w, https:\/\/promel.fr\/wp-content\/uploads\/jeune-femme-cherchant-a-recruter-705x282.jpg 705w\" sizes=\"auto, (max-width: 1030px) 100vw, 1030px\" \/><\/p>\n<p>Le recrutement est une activit\u00e9 essentielle pour toute entreprise cherchant \u00e0 renforcer son \u00e9quipe et \u00e0 combler des postes vacants. <!--more-->Traditionnellement, <strong>certaines p\u00e9riodes de l&#8217;ann\u00e9e sont consid\u00e9r\u00e9es comme plus propices au recrutement<\/strong>, tandis que d&#8217;autres sont souvent jug\u00e9es moins favorables. La p\u00e9riode estivale, marqu\u00e9e par les vacances d&#8217;\u00e9t\u00e9, est souvent per\u00e7ue comme un moment o\u00f9 les entreprises et les candidats sont moins actifs. Cependant, cette p\u00e9riode se pr\u00eate-t-elle r\u00e9ellement \u00e0 un recrutement efficace ? Cet article explore <strong>les avantages et les inconv\u00e9nients du recrutement en \u00e9t\u00e9<\/strong> et propose des <strong>strat\u00e9gies pour optimiser ce processus<\/strong>.<\/p>\n<h2>Les d\u00e9fis du recrutement en p\u00e9riode estivale<\/h2>\n<p>L&#8217;un des principaux obstacles au recrutement pendant l&#8217;\u00e9t\u00e9 est la <strong>disponibilit\u00e9 r\u00e9duite des candidats et des recruteurs<\/strong>. Les mois de juin \u00e0 ao\u00fbt sont g\u00e9n\u00e9ralement marqu\u00e9s par des cong\u00e9s annuels, ce qui signifie que de nombreux professionnels prennent du temps pour se d\u00e9tendre et se d\u00e9connecter du travail. Cela peut entra\u00eener une baisse de la disponibilit\u00e9 pour les entretiens, les \u00e9changes et les d\u00e9cisions de recrutement. Les recruteurs eux-m\u00eames peuvent \u00eatre en vacances, ce qui <strong>ralentit le processus<\/strong> de recrutement. Les \u00e9quipes de ressources humaines peuvent fonctionner avec des <strong>effectifs r\u00e9duits<\/strong>, ce qui limite leur capacit\u00e9 \u00e0 r\u00e9pondre rapidement aux candidatures et \u00e0 organiser des entretiens. De plus, les d\u00e9cideurs cl\u00e9s, tels que les managers ou les directeurs, peuvent \u00e9galement \u00eatre absents,<strong> retardant ainsi les d\u00e9cisions finales<\/strong> d&#8217;embauche. Mais la p\u00e9riode estivale peut \u00e9galement entra\u00eener une <strong>diminution du nombre de candidatures<\/strong>. De nombreux candidats potentiels, qu&#8217;ils soient en recherche active d&#8217;emploi ou simplement ouverts \u00e0 de nouvelles opportunit\u00e9s, peuvent \u00eatre <strong>moins attentifs aux offres d&#8217;emploi pendant les vacances<\/strong>. Ils peuvent diff\u00e9rer leur recherche jusqu&#8217;\u00e0 la rentr\u00e9e, lorsqu&#8217;ils seront plus disponibles et motiv\u00e9s pour envisager de nouvelles opportunit\u00e9s professionnelles. Or, cette r\u00e9duction du nombre de candidatures peut rendre plus difficile pour les entreprises de trouver des talents qualifi\u00e9s pendant l&#8217;\u00e9t\u00e9. Les <strong>postes vacants risquent de rester ouverts plus longtemps<\/strong>, ce qui peut avoir un <strong>impact sur la productivit\u00e9<\/strong> et les objectifs de l&#8217;entreprise.<\/p>\n<h2>Les opportunit\u00e9s du recrutement en \u00e9t\u00e9<\/h2>\n<p>Cela dit, bien que l&#8217;\u00e9t\u00e9 pr\u00e9sente certains d\u00e9fis, il offre \u00e9galement des <strong>opportunit\u00e9s uniques<\/strong>. \u00c0 vrai dire, l&#8217;une des principales raisons pour lesquelles le recrutement en \u00e9t\u00e9 peut \u00eatre efficace est la<strong> r\u00e9duction de la concurrence<\/strong>. De nombreuses entreprises ralentissent leur processus de recrutement pendant cette p\u00e9riode, ce qui signifie que celles qui continuent \u00e0 recruter ont moins de concurrents pour attirer les meilleurs talents. Cette diminution de la concurrence peut permettre aux entreprises d&#8217;<strong>attirer des candidats qualifi\u00e9s qui sont moins sollicit\u00e9s<\/strong> par d&#8217;autres employeurs. Les offres d&#8217;emploi publi\u00e9es pendant l&#8217;\u00e9t\u00e9 peuvent recevoir plus d&#8217;attention de la part des candidats, car il y a moins d&#8217;offres concurrentes sur le march\u00e9. De plus, l&#8217;\u00e9t\u00e9 est aussi un moment privil\u00e9gi\u00e9 pour <strong>recruter des jeunes talents, en particulier des \u00e9tudiants ou des dipl\u00f4m\u00e9s r\u00e9cents<\/strong>. Cela parce que de nombreux \u00e9tudiants terminent leurs \u00e9tudes au printemps et commencent \u00e0 chercher des emplois \u00e0 temps plein pendant l&#8217;\u00e9t\u00e9. Les entreprises qui recrutent pendant cette p\u00e9riode peuvent avoir un <strong>acc\u00e8s direct \u00e0 un vivier de jeunes talents motiv\u00e9s et pr\u00eats \u00e0 entrer sur le march\u00e9 du travail<\/strong>. Les <strong>stages d&#8217;\u00e9t\u00e9<\/strong> sont une autre opportunit\u00e9 de recrutement efficace pendant l&#8217;\u00e9t\u00e9. Ils permettent aux entreprises d&#8217;identifier et de former de jeunes talents qui pourraient potentiellement \u00eatre embauch\u00e9s \u00e0 temps plein \u00e0 la fin de leur stage. C&#8217;est une bonne occasion de <strong>tester les comp\u00e9tences des candidats<\/strong> dans un environnement de travail r\u00e9el avant de prendre une d\u00e9cision d&#8217;embauche. Enfin, la p\u00e9riode estivale peut offrir une opportunit\u00e9 pour un processus de recrutement plus r\u00e9fl\u00e9chi et approfondi. Avec une activit\u00e9 r\u00e9duite et moins d&#8217;urgence pour pourvoir les postes vacants, <strong>les recruteurs peuvent prendre le temps de bien \u00e9valuer chaque candidature<\/strong>, de mener des entretiens plus d\u00e9taill\u00e9s et de prendre des d\u00e9cisions \u00e9clair\u00e9es. Cela peut \u00e9galement \u00eatre le moment id\u00e9al pour<strong> renforcer la marque employeur et am\u00e9liorer les processus<\/strong> de recrutement. Les entreprises peuvent utiliser cette p\u00e9riode pour revoir leurs strat\u00e9gies de recrutement, am\u00e9liorer leur pr\u00e9sence en ligne, et pr\u00e9parer des campagnes de recrutement pour la rentr\u00e9e.<\/p>\n<p>Ainsi, contrairement \u00e0 la croyance populaire, recruter pendant l&#8217;\u00e9t\u00e9 peut avoir de nombreux avantages. Mais comment se pr\u00e9parer au mieux \u00e0 ce processus atypique du fait de la p\u00e9riode ? La r\u00e9ponse tr\u00e8s prochainement par ici.<\/p>\n<p class=\"p1\"><em>Cet article est une contribution libre r\u00e9dig\u00e9e par un auteur partenaire et non par la soci\u00e9t\u00e9 elle-m\u00eame.<\/em><\/p>\n<\/div>\n<\/div>\n<\/div>\n<\/div>\n<!-- AddThis Advanced Settings generic via filter on the_content -->","protected":false},"excerpt":{"rendered":"<p>Le recrutement est une activit\u00e9 essentielle pour toute entreprise cherchant \u00e0 renforcer son \u00e9quipe et \u00e0 combler des postes vacants.<!-- AddThis Advanced Settings generic via filter on wp_trim_excerpt --><\/p>\n","protected":false},"author":8,"featured_media":3836,"comment_status":"open","ping_status":"open","sticky":false,"template":"","format":"standard","meta":{"_acf_changed":false,"inline_featured_image":false,"footnotes":""},"categories":[57],"tags":[],"class_list":["post-3784","post","type-post","status-publish","format-standard","has-post-thumbnail","hentry","category-divers"],"acf":[],"_links":{"self":[{"href":"https:\/\/promel.fr\/en\/wp-json\/wp\/v2\/posts\/3784","targetHints":{"allow":["GET"]}}],"collection":[{"href":"https:\/\/promel.fr\/en\/wp-json\/wp\/v2\/posts"}],"about":[{"href":"https:\/\/promel.fr\/en\/wp-json\/wp\/v2\/types\/post"}],"author":[{"embeddable":true,"href":"https:\/\/promel.fr\/en\/wp-json\/wp\/v2\/users\/8"}],"replies":[{"embeddable":true,"href":"https:\/\/promel.fr\/en\/wp-json\/wp\/v2\/comments?post=3784"}],"version-history":[{"count":4,"href":"https:\/\/promel.fr\/en\/wp-json\/wp\/v2\/posts\/3784\/revisions"}],"predecessor-version":[{"id":3815,"href":"https:\/\/promel.fr\/en\/wp-json\/wp\/v2\/posts\/3784\/revisions\/3815"}],"wp:featuredmedia":[{"embeddable":true,"href":"https:\/\/promel.fr\/en\/wp-json\/wp\/v2\/media\/3836"}],"wp:attachment":[{"href":"https:\/\/promel.fr\/en\/wp-json\/wp\/v2\/media?parent=3784"}],"wp:term":[{"taxonomy":"category","embeddable":true,"href":"https:\/\/promel.fr\/en\/wp-json\/wp\/v2\/categories?post=3784"},{"taxonomy":"post_tag","embeddable":true,"href":"https:\/\/promel.fr\/en\/wp-json\/wp\/v2\/tags?post=3784"}],"curies":[{"name":"wp","href":"https:\/\/api.w.org\/{rel}","templated":true}]}}